{"id":642,"date":"2022-01-27T21:45:20","date_gmt":"2022-01-27T21:45:20","guid":{"rendered":"https:\/\/www.gibs-mir.com\/blognews\/?p=642"},"modified":"2022-01-27T21:45:20","modified_gmt":"2022-01-27T21:45:20","slug":"aufklaerung-2022-ausstieg-aus-der-corona-pandemie","status":"publish","type":"post","link":"https:\/\/www.gibs-mir.com\/blognews\/?p=642","title":{"rendered":"Aufkl\u00e4rung 2022 Ausstieg aus der Corona-Pandemie"},"content":{"rendered":"\n<p><strong><span style=\"color:#f8172a\" class=\"has-inline-color\">Corona Aufkl\u00e4rung ca 3,5 Stunden!<\/span><\/strong><\/p>\n\n\n\n<p><strong>Offener Brief &#8211; 2022 Ausstieg aus der Corona-Pandemie\u2026<\/strong><\/p>\n\n\n\n<p><strong><span class=\"has-inline-color has-blue-color\">An die Bev\u00f6lkerung an alle politischen<br>und administrativen Entscheidungstr\u00e4ger der Judikativen,<br>der Exekutiven und der Legislativen im Bund,<br>in den L\u00e4ndern und auf Kommunalebene!<\/span><\/strong><\/p>\n\n\n\n<figure><iframe loading=\"lazy\" src=\"https:\/\/rumble.com\/embed\/vqeuo7\/?pub=4\" allowfullscreen=\"\" width=\"540\" height=\"360\"><\/iframe><\/figure>\n\n\n\n<p><strong>ERINNERT ALLE MITMENSCHEN DARAN:<\/strong><\/p>\n\n\n\n<p><span class=\"has-inline-color has-blue-color\">Unsere Grund- und Freiheitsrechte,<br>wie sie auch in unserem deutschen Grundgesetz<br>und den Verfassungen der meisten L\u00e4nder dieser Welt aufgef\u00fchrt sind,<br>sind uns von Natur aus gegeben<br>und d\u00fcrfen uns deshalb von NIEMANDEM eingeschr\u00e4nkt oder genommen werden!<\/span><br><span class=\"has-inline-color has-blue-color\">Die wichtigsten Grundrechte lauten: \u201eDie W\u00fcrde des Menschen ist unantastbar.<br>Sie zu achten und zu sch\u00fctzen ist Verpflichtung aller staatlichen Gewalt.\u201c (Art 1.1 GG)<br>und \u201eJeder hat das Recht auf Leben und k\u00f6rperliche Unversehrtheit.<br>Die Freiheit der Person ist unverletzlich.\u201c (Art. 2.2 GG).<br>Letzteres ist auch NIEMALS vereinbar mit einer Impfpflicht,<br>egal gegen welche Erkrankung!<\/span><\/p>\n\n\n\n<p><span style=\"color:#ec1423\" class=\"has-inline-color\">Die Pharmaka-Hersteller haben mit ihren Produkten<br>der Gesundheit der Menschen zu dienen,<br>und nicht umgekehrt.<br>Eine Dominanz des gesamten Medizinsektors durch die Pharmaindustrie<br>muss ein f\u00fcr alle Mal unterbunden werden.<\/span><\/p>\n\n\n\n<p>Quelle >>> MWGFD<\/p>\n\n\n\n<p><strong>Corona-Ausstiegskonzept<\/strong><\/p>\n\n\n\n<p><a rel=\"noreferrer noopener\" href=\"https:\/\/rumble.com\/vt10s3-bhakdi-et-al.-das-mwgfd-corona-ausstiegskonzept.html\" target=\"_blank\">https:\/\/rumble.com\/vt10s3-bhakdi-et-al.-das-mwgfd-corona-ausstiegskonzept.html<\/a><\/p>\n\n\n\n<p><strong>Great Barrington Declaration<\/strong><\/p>\n\n\n\n<p>Als Epidemiologen f\u00fcr Infektionskrankheiten und Wissenschaftler im Bereich des \u00f6ffentlichen Gesundheitswesens haben wir ernste Bedenken hinsichtlich der sch\u00e4dlichen Auswirkungen der vorherrschenden COVID-19-Ma\u00dfnahmen auf die physische und psychische Gesundheit und empfehlen einen Ansatz, den wir <em>gezielten Schutz<\/em> (<em>Focused<\/em> <em>Protection<\/em>) nennen.\u202f\u00a0<\/p>\n\n\n\n<p><strong><span style=\"color:#f20e30\" class=\"has-inline-color\">Die Great Barrington Erkl\u00e4rung<\/span><\/strong><\/p>\n\n\n\n<p><a rel=\"noreferrer noopener\" href=\"https:\/\/www.gbdeclaration.org\" target=\"_blank\">Declaration<\/a><\/p>\n\n\n\n<p><strong>Krankenschwester zur Impfpflicht<\/strong><\/p>\n\n\n\n<figure><iframe loading=\"lazy\" src=\"https:\/\/www.youtube.com\/embed\/ke-JZ1jMhNc\" allowfullscreen=\"\" width=\"560\" height=\"315\"><\/iframe><\/figure>\n\n\n\n<p><strong><span style=\"color:#f31234\" class=\"has-inline-color\">Wahnsinn was hier ab geht\u2026<\/span><\/strong><\/p>\n\n\n\n<p><strong>Es gibt Momente in denen Ungehorsam eine Pflicht sein kann!<\/strong><\/p>\n\n\n\n<figure><iframe loading=\"lazy\" src=\"https:\/\/www.youtube.com\/embed\/6pcLt1iIc_4\" allowfullscreen=\"\" width=\"560\" height=\"315\"><\/iframe><\/figure>\n\n\n\n<p><strong>Ausstiegskonzept aus der Krise<\/strong><\/p>\n\n\n\n<p>Info: <a rel=\"noreferrer noopener\" href=\"https:\/\/www.mwgfd.de\" target=\"_blank\">https:\/\/www.mwgfd.de<\/a><\/p>\n\n\n\n<figure class=\"wp-block-image size-large\"><img loading=\"lazy\" decoding=\"async\" width=\"1024\" height=\"531\" src=\"https:\/\/www.gibs-mir.com\/blognews\/wp-content\/uploads\/corona_2022-1024x531.jpg\" alt=\"\" class=\"wp-image-626\" srcset=\"https:\/\/www.gibs-mir.com\/blognews\/wp-content\/uploads\/corona_2022-1024x531.jpg 1024w, https:\/\/www.gibs-mir.com\/blognews\/wp-content\/uploads\/corona_2022-300x156.jpg 300w, https:\/\/www.gibs-mir.com\/blognews\/wp-content\/uploads\/corona_2022-768x398.jpg 768w, https:\/\/www.gibs-mir.com\/blognews\/wp-content\/uploads\/corona_2022.jpg 1280w\" sizes=\"auto, (max-width: 1024px) 100vw, 1024px\" \/><figcaption>Covid 19<\/figcaption><\/figure>\n","protected":false},"excerpt":{"rendered":"<p>Corona Aufkl\u00e4rung ca 3,5 Stunden! Offener Brief &#8211; 2022 Ausstieg aus der Corona-Pandemie\u2026 An die Bev\u00f6lkerung an alle politischenund administrativen Entscheidungstr\u00e4ger der Judikativen,der Exekutiven und der Legislativen im Bund,in den L\u00e4ndern und auf Kommunalebene! ERINNERT ALLE MITMENSCHEN DARAN: Unsere Grund- &hellip; <a href=\"https:\/\/www.gibs-mir.com\/blognews\/?p=642\">Weiterlesen <span class=\"meta-nav\">&rarr;<\/span><\/a><\/p>\n","protected":false},"author":1,"featured_media":542,"comment_status":"open","ping_status":"open","sticky":true,"template":"","format":"standard","meta":{"footnotes":""},"categories":[1],"tags":[316,318,303,229,308,320,319,315,309,311,307,317,314,302,321,234,301,305,313,304,306,246,312,310],"class_list":["post-642","post","type-post","status-publish","format-standard","has-post-thumbnail","hentry","category-allgemein","tag-aufklaerung","tag-bevoelkerung","tag-boostern","tag-covid-19","tag-covid-19-impfstoffe","tag-exekutiven","tag-gewaltenteilung","tag-impf-spikeproteins","tag-impfpflicht","tag-impfplicht-2022","tag-impfstoffe","tag-judikativen","tag-konferenz-reutlingen","tag-krank","tag-legislativen","tag-pandemie","tag-pathologie-konferenz","tag-pathologie-konferenz-in-berlin","tag-presseerklaerung","tag-pressekonferenz","tag-reutlingen-pathologie-konferenz-teil-1","tag-sars-cov-2","tag-tod-durch-impfung","tag-virus-varianten"],"_links":{"self":[{"href":"https:\/\/www.gibs-mir.com\/blognews\/index.php?rest_route=\/wp\/v2\/posts\/642","targetHints":{"allow":["GET"]}}],"collection":[{"href":"https:\/\/www.gibs-mir.com\/blognews\/index.php?rest_route=\/wp\/v2\/posts"}],"about":[{"href":"https:\/\/www.gibs-mir.com\/blognews\/index.php?rest_route=\/wp\/v2\/types\/post"}],"author":[{"embeddable":true,"href":"https:\/\/www.gibs-mir.com\/blognews\/index.php?rest_route=\/wp\/v2\/users\/1"}],"replies":[{"embeddable":true,"href":"https:\/\/www.gibs-mir.com\/blognews\/index.php?rest_route=%2Fwp%2Fv2%2Fcomments&post=642"}],"version-history":[{"count":10,"href":"https:\/\/www.gibs-mir.com\/blognews\/index.php?rest_route=\/wp\/v2\/posts\/642\/revisions"}],"predecessor-version":[{"id":652,"href":"https:\/\/www.gibs-mir.com\/blognews\/index.php?rest_route=\/wp\/v2\/posts\/642\/revisions\/652"}],"wp:featuredmedia":[{"embeddable":true,"href":"https:\/\/www.gibs-mir.com\/blognews\/index.php?rest_route=\/wp\/v2\/media\/542"}],"wp:attachment":[{"href":"https:\/\/www.gibs-mir.com\/blognews\/index.php?rest_route=%2Fwp%2Fv2%2Fmedia&parent=642"}],"wp:term":[{"taxonomy":"category","embeddable":true,"href":"https:\/\/www.gibs-mir.com\/blognews\/index.php?rest_route=%2Fwp%2Fv2%2Fcategories&post=642"},{"taxonomy":"post_tag","embeddable":true,"href":"https:\/\/www.gibs-mir.com\/blognews\/index.php?rest_route=%2Fwp%2Fv2%2Ftags&post=642"}],"curies":[{"name":"wp","href":"https:\/\/api.w.org\/{rel}","templated":true}]}}