{"id":869,"date":"2024-11-09T17:44:44","date_gmt":"2024-11-09T17:44:44","guid":{"rendered":"https:\/\/www.gibs-mir.com\/blognews\/?p=869"},"modified":"2024-11-09T17:44:44","modified_gmt":"2024-11-09T17:44:44","slug":"politik-was-das-ampel-aus-fuer-das-ruhegehalt-der-minister-bedeutet","status":"publish","type":"post","link":"https:\/\/www.gibs-mir.com\/blognews\/?p=869","title":{"rendered":"Politik &#8211; was das Ampel aus f\u00fcr das Ruhegehalt der Minister bedeutet"},"content":{"rendered":"\n<p><strong><span style=\"color:#f31919\" class=\"has-inline-color\">Politik &#8211; das Ampel aus!<\/span><\/strong><\/p>\n\n\n\n<p>Eigentlich m\u00fcssen Bundesminister vier Jahre im Amt sein,<br>damit sie Anspruch auf Pension haben.<br>Doch f\u00fcr die Ampel-Minister gilt eine Ausnahme.<\/p>\n\n\n\n<p>Sollte dem Bundeskanzler das Misstrauen ausgesprochen werden,<br>reicht laut Bundesministergesetz &#8222;eine ununterbrochene Zugeh\u00f6rigkeit<br>zur Bundesregierung von mehr als zwei Jahren&#8220;<br>f\u00fcr das volle Ruhegehalt.<\/p>\n\n\n\n<p>F\u00fcr Bundesminister gilt beim Ruhegehalt die gleiche Regelaltersgrenze<br>wie f\u00fcr Bundesbeamte, also die schrittweise Anhebung auf 67 Jahre.<br>Laut Steuerzahlerbund betr\u00e4gt die bis zum Lebensende gezahlte Pension<br>bei vier Amtsjahren 4.990 Euro &#8211;<br>und steigt mit jedem weiteren Jahr als Regierungsmitglied<br>bis auf maximal 12.908 Euro monatlich.<\/p>\n\n\n\n<p>Keine Haftung f\u00fcr Steuergeldverschwendung oder Fehlentscheidungen.<br>Ist so eine Pension gerechtvertigt?<\/p>\n\n\n\n<p><strong><span style=\"color:#ed1717\" class=\"has-inline-color\">Statistischen Angaben zufolge entstehen durch pflichtwidrigen Umfang mit \u00f6ffentlichem Verm\u00f6gen j\u00e4hrlich Sch\u00e4den in Milliardenh\u00f6he.<\/span><\/strong><\/p>\n\n\n\n<p><a rel=\"noreferrer noopener\" href=\"https:\/\/www.lexology.com\/library\/detail.aspx?g=6831d7c5-867f-4746-9fc0-63646a3b609b\" target=\"_blank\">https:\/\/www.lexology.com\/library\/detail.aspx?g=6831d7c5-867f-4746-9fc0-63646a3b609b<\/a><\/p>\n\n\n\n<p><a href=\"https:\/\/blackout-news.de\/aktuelles\/wirtschaftlicher-absturz-wie-fehlentscheidungen-und-politik-in-deutschland-die-wirtschaft-bedrohen\/\" target=\"_blank\" rel=\"noreferrer noopener\">https:\/\/blackout-news.de\/aktuelles\/wirtschaftlicher-absturz-wie-fehlentscheidungen-und-politik-in-deutschland-die-wirtschaft-bedrohen\/<\/a><\/p>\n\n\n\n<p>Und was bekommt ein Arbeiter f\u00fcr 40 bis 45 Jahre Arbeit\u2026?<\/p>\n\n\n\n<p>Leider keine Ausnahme: 1.200 Euro Rente nach 45 Versicherungsjahren<br>Selbst lebenslanges Einzahlen in die Rentenversicherung sch\u00fctzt nicht vor Altersarmut.<br>Ein F\u00fcnftel der Altersrentner\/innen erh\u00e4lt weniger als 1200 Euro.<\/p>\n\n\n\n<p><a href=\"https:\/\/www.sovd.de\/aktuelles\/meldung\/leider-keine-ausnahme-1200-euro-rente-nach-45-versicherungsjahren\" target=\"_blank\" rel=\"noreferrer noopener\">https:\/\/www.sovd.de\/aktuelles\/meldung\/leider-keine-ausnahme-1200-euro-rente-nach-45-versicherungsjahren<\/a><\/p>\n\n\n\n<p><span class=\"has-inline-color has-blue-color\">Die durchschnittliche Altersrente lag im Jahr 2022<br>in \u00d6sterreich bei 1751 Euro (brutto) pro Monat,<br>in Deutschland bei 1177 Euro (brutto).01.07.2024<\/span><\/p>\n\n\n\n<p><span style=\"color:#f01717\" class=\"has-inline-color\">Der Prozentsatz des steuerpflichtigen Teils<br>der Rente steigt f\u00fcr die jeweiligen Neurentner<br>bis 2020 j\u00e4hrlich um zwei Prozentpunkte.<br>Danach erh\u00f6ht er sich um j\u00e4hrlich ein Prozent,<br>so dass ab 2040 die Rente zu 100 Prozent steuerpflichtig ist.<\/span><\/p>\n\n\n\n<p><strong>Neuer Renten-Plan:<\/strong><br>Millionen Deutsche sollen l\u00e4nger arbeiten<br>Christian Lindner (FDP)<br>will Millionen Deutsche offenbar zu l\u00e4ngerem Arbeiten verdonnern<br>Ein neues Lindner-Papier sorgt f\u00fcr Aufsehen:<br>Die FDP fordert in diesem unter anderem h\u00f6here Abschl\u00e4ge f\u00fcr Menschen,<br>die fr\u00fcher in Rente gehen wollen.<br>Lindner meint:<br>Eine Bev\u00f6lkerung, die im Schnitt l\u00e4nger gesund ist,<br>sollte auch l\u00e4nger arbeiten und somit sp\u00e4ter in Rente gehen.<\/p>\n\n\n\n<p><span style=\"color:#ee3818\" class=\"has-inline-color\">Update, 07. November 2024:<br>Den Renten-Pl\u00e4nen von Christian Lindner wird ein Strich durch die Rechnung gemacht.<br>Denn der Bundesfinanzminister Christian Lindner und seine Partei,<br>die FDP, sind nun kein Teil der Ampel-Regierung mehr.<\/span><\/p>\n\n\n\n<p><span class=\"has-inline-color has-blue-color\">Wer braucht die noch\u2026?<\/span> \ud83d\ude42<\/p>\n\n\n\n<p><a href=\"https:\/\/www.ruhr24.de\/service\/jahrgang-rente-arbeiten-christian-lindner-fdp-millionen-abschlaege-deutsche-wirtschaft-ampel-93390557.html\" target=\"_blank\" rel=\"noreferrer noopener\">https:\/\/www.ruhr24.de\/service\/jahrgang-rente-arbeiten-christian-lindner-fdp-millionen-abschlaege-deutsche-wirtschaft-ampel-93390557.html<\/a><\/p>\n\n\n\n<p>Ein sch\u00f6nes Lied zum Abschied >>> Christian Lindner &lt;&lt;&lt;<\/p>\n\n\n\n<figure><iframe loading=\"lazy\" width=\"560\" height=\"315\" src=\"https:\/\/www.youtube.com\/embed\/OLdtXYDYV68?si=XsKwtkJjwcMrCMHA\" allowfullscreen=\"\"><\/iframe><\/figure>\n\n\n\n<p><strong><span style=\"color:#ed1212\" class=\"has-inline-color\">Deutschland geh\u00f6rt in Westeuropa zu den Schlusslichtern<br>bei der Lebenserwartung und f\u00e4llt weiter zur\u00fcck.<\/span><\/strong><\/p>\n\n\n\n<p><a href=\"https:\/\/www.trtdeutsch.com\/gesellschaft\/studie-zur-lebenserwartung-deutschland-fallt-in-westeuropa-weiter-zuruck-18165162\" target=\"_blank\" rel=\"noreferrer noopener\">https:\/\/www.trtdeutsch.com\/gesellschaft\/studie-zur-lebenserwartung-deutschland-fallt-in-westeuropa-weiter-zuruck-18165162<\/a><\/p>\n\n\n\n<p><a href=\"https:\/\/www.bib.bund.de\/DE\/Presse\/Mitteilungen\/2024\/2024-05-22-Deutschland-faellt-bei-Lebenserwartung-in-Westeuropa-weiter-zurueck.html\" target=\"_blank\" rel=\"noreferrer noopener\">https:\/\/www.bib.bund.de\/DE\/Presse\/Mitteilungen\/2024\/2024-05-22-Deutschland-faellt-bei-Lebenserwartung-in-Westeuropa-weiter-zurueck.html<\/a><\/p>\n\n\n\n<p><a href=\"https:\/\/www.zentrum-der-gesundheit.de\/news\/gesundheit\/allgemein-gesundheit\/sinkende-lebenserwartung\" target=\"_blank\" rel=\"noreferrer noopener\">https:\/\/www.zentrum-der-gesundheit.de\/news\/gesundheit\/allgemein-gesundheit\/sinkende-lebenserwartung<\/a><\/p>\n\n\n\n<p>Wer reich ist, genie\u00dft sein Alter neun Jahre l\u00e4nger als arme Menschen<\/p>\n\n\n\n<p><strong><span class=\"has-inline-color has-blue-color\">Wenn Politiker von sich entt\u00e4uscht sind,<br>tr\u00f6sten sie sich mit &#8222;h\u00f6heren Di\u00e4ten&#8220;\u2026<\/span><\/strong><\/p>\n\n\n\n<p>Qelle:<br>Elmar Kupke (1942 &#8211; 2018), deutscher Aphoristiker und Stadtphilosoph<\/p>\n\n\n\n<p><strong><span style=\"color:#f00f0f\" class=\"has-inline-color\">Politik &#8211; ein Paar Witze:<\/span><\/strong><\/p>\n\n\n\n<p>Am Stammtisch:<br>Ich liebe Politiker auf Wahlplakaten.<br>Sie sind tragbar, reden kein dummes Zeug und sind leicht zu entfernen!<\/p>\n\n\n\n<p>Was hei\u00dft CDU?<br>Club Der Unf\u00e4higen.<\/p>\n\n\n\n<p><br>Christlich Demokratische Union war einmal\u2026<br>Wer bis 70 Arbeiten m\u00f6chte, darf Sie gerne w\u00e4hlen!<\/p>\n\n\n\n<p>Was ist der Unterschied zwischen dem Bundestag und einer Jeans?<br>Bei der Jeans sind die Nieten au\u00dfen.<\/p>\n\n\n\n<p>Was ist der Unterschied zwischen einer Telefonzelle und Politik?<br>In der Telefonzelle muss man erst zahlen und darf dann w\u00e4hlen.<br>In der Politik darf man erst w\u00e4hlen und muss dann zahlen.<\/p>\n\n\n\n<p>Warum sind viele Politiker so dick?<br>Wegen dem Jo-Jo-Effekt von den vielen Di\u00e4ten.<br>Aber wenigstens soll das ja ungesund sein.<\/p>\n\n\n\n<p>Wer waren die ersten drei Politiker?<br>Die Heiligen Drei K\u00f6nige! Sie legten die Arbeit nieder,<br>zogen sch\u00f6ne Gew\u00e4nder an und gingen auf Reisen.<\/p>\n","protected":false},"excerpt":{"rendered":"<p>Politik &#8211; das Ampel aus! Eigentlich m\u00fcssen Bundesminister vier Jahre im Amt sein,damit sie Anspruch auf Pension haben.Doch f\u00fcr die Ampel-Minister gilt eine Ausnahme. Sollte dem Bundeskanzler das Misstrauen ausgesprochen werden,reicht laut Bundesministergesetz &#8222;eine ununterbrochene Zugeh\u00f6rigkeitzur Bundesregierung von mehr als &hellip; <a href=\"https:\/\/www.gibs-mir.com\/blognews\/?p=869\">Weiterlesen <span class=\"meta-nav\">&rarr;<\/span><\/a><\/p>\n","protected":false},"author":1,"featured_media":0,"comment_status":"open","ping_status":"open","sticky":false,"template":"","format":"standard","meta":{"footnotes":""},"categories":[1],"tags":[480,481,483,476,89,352,484,475,84,140,477,482,479,478,17],"class_list":["post-869","post","type-post","status-publish","format-standard","hentry","category-allgemein","tag-altersarmut","tag-ampel","tag-bundesfinanzminister","tag-diaeten","tag-gesellschaft","tag-gesundheit","tag-lebenserwartung","tag-minister","tag-politik","tag-politiker","tag-regelaltersgrenze","tag-rente","tag-steuergeldverschwendung","tag-steuerzahlerbund","tag-wirtschaft"],"_links":{"self":[{"href":"https:\/\/www.gibs-mir.com\/blognews\/index.php?rest_route=\/wp\/v2\/posts\/869","targetHints":{"allow":["GET"]}}],"collection":[{"href":"https:\/\/www.gibs-mir.com\/blognews\/index.php?rest_route=\/wp\/v2\/posts"}],"about":[{"href":"https:\/\/www.gibs-mir.com\/blognews\/index.php?rest_route=\/wp\/v2\/types\/post"}],"author":[{"embeddable":true,"href":"https:\/\/www.gibs-mir.com\/blognews\/index.php?rest_route=\/wp\/v2\/users\/1"}],"replies":[{"embeddable":true,"href":"https:\/\/www.gibs-mir.com\/blognews\/index.php?rest_route=%2Fwp%2Fv2%2Fcomments&post=869"}],"version-history":[{"count":14,"href":"https:\/\/www.gibs-mir.com\/blognews\/index.php?rest_route=\/wp\/v2\/posts\/869\/revisions"}],"predecessor-version":[{"id":883,"href":"https:\/\/www.gibs-mir.com\/blognews\/index.php?rest_route=\/wp\/v2\/posts\/869\/revisions\/883"}],"wp:attachment":[{"href":"https:\/\/www.gibs-mir.com\/blognews\/index.php?rest_route=%2Fwp%2Fv2%2Fmedia&parent=869"}],"wp:term":[{"taxonomy":"category","embeddable":true,"href":"https:\/\/www.gibs-mir.com\/blognews\/index.php?rest_route=%2Fwp%2Fv2%2Fcategories&post=869"},{"taxonomy":"post_tag","embeddable":true,"href":"https:\/\/www.gibs-mir.com\/blognews\/index.php?rest_route=%2Fwp%2Fv2%2Ftags&post=869"}],"curies":[{"name":"wp","href":"https:\/\/api.w.org\/{rel}","templated":true}]}}